{"id":1180,"date":"2019-04-16T15:57:03","date_gmt":"2019-04-16T13:57:03","guid":{"rendered":"http:\/\/winnepola.pl\/?p=1180"},"modified":"2019-04-16T16:26:40","modified_gmt":"2019-04-16T14:26:40","slug":"1180-2","status":"publish","type":"post","link":"https:\/\/winnepola.pl\/en\/1180-2\/","title":{"rendered":"Relacja z konferencji FOOD SERVICE SUMMIT 2019"},"content":{"rendered":"<p>W tym roku firma <a href=\"https:\/\/winnepola.pl\/en\/\">Winne Pola &#8211; dostawca win do najlepszych restauracji<\/a> ponownie by\u0142a partnerem wydarzenia <a href=\"https:\/\/www.facebook.com\/magazynfoodservice\/\">Food Service Summit<\/a> odby\u0142 si\u0119 w unikatowej przestrzeni kompleksu kulturalno-biznesowego <a href=\"https:\/\/www.facebook.com\/mala.warszawa.otwocka14\/\">Ma\u0142a Warszawa<\/a> zlokalizowanego na warszawskiej Pradze. W wydarzeniu po\u0142\u0105czonym z California Wines Master Classes wzi\u0119\u0142o udzia\u0142 ponad 350 uczestnik\u00f3w: restaurator\u00f3w, mened\u017cer\u00f3w, sommelier\u00f3w oraz przedstawicieli firm i medi\u00f3w profesjonalnie zwi\u0105zanych z gastronomi\u0105. W trakcie tegorocznej konferencji swoje karty sukcesu odkry\u0142o 22 prelegent\u00f3w, w tym nasz dyrektor handlowy <a href=\"https:\/\/www.facebook.com\/grzegorz.wejer.5\">Grzegorz Wejer. <\/a><\/p>\n<p>Tematem wyst\u0105pienia by\u0142: &#8222;Unikalno\u015b\u0107, jako\u015b\u0107, zysk &#8211; jak to osi\u0105gn\u0105\u0107 w dobie rosn\u0105cej konkurencji&#8221;. Om\u00f3wione zosta\u0142y wszystkie p\u0142aszczyzny, kt\u00f3re powinny by\u0107 poddane wnikliwej analizie w ka\u017cdej restauracji. <a href=\"https:\/\/www.facebook.com\/grzegorz.wejer.5\">Grzegorz Wejer<\/a> zaaplikowa\u0142 du\u017c\u0105 dawk\u0119 wiedzy z zakresu efektywnego up-sellingu, om\u00f3wi\u0142 r\u00f3\u017cnice mi\u0119dzy podej\u015bciem definicyjnym, a jego istot\u0105. Uczestnicy poznali r\u00f3\u017cnice stanowi\u0105ce mi\u0119dzy &#8222;je\u015b\u0107&#8221; a &#8222;by\u0107&#8221;, &#8222;&#8221;sprzedawa\u0107&#8221; a &#8222;kupowa\u0107&#8221; oraz &#8222;wiedza&#8221; a &#8222;umiej\u0119tno\u015bci&#8221;.<\/p>\n<p>Catering podczas ca\u0142ego eventu zapewnia\u0142 go\u015bciom <a href=\"https:\/\/www.facebook.com\/andrzej.polan\">Andrzej Polan<\/a> wraz z za\u0142og\u0105 restauracji <a href=\"https:\/\/www.facebook.com\/polanasmakow\/\">Polana Smak\u00f3w<\/a>. Do wy\u015bmienitych da\u0144 zaproponowali\u015bmy wiele doskona\u0142ych pozycji z naszego portfolio.<\/p>\n<p>Dzi\u0119kujemy organizatorom oraz wszystkim uczestnikom za udzia\u0142 w konferencji.<\/p>\n<p>Po wi\u0119cej szczeg\u00f3\u0142\u00f3w zapraszamy do magazynu FOOD SERVICE.<\/p>\n<div id='gallery-1' class='gallery galleryid-1180 gallery-columns-3 gallery-size-thumbnail'><figure class='gallery-item'>\n\t\t\t<div class='gallery-icon portrait'>\n\t\t\t\t<a href='https:\/\/winnepola.pl\/en\/1180-2\/inkedfss-4_li\/'><img fetchpriority=\"high\" decoding=\"async\" width=\"250\" height=\"200\" src=\"https:\/\/winnepola.pl\/wp-content\/uploads\/2019\/04\/InkedFSS-4_LI-250x200.jpg\" class=\"attachment-thumbnail size-thumbnail\" alt=\"\" \/><\/a>\n\t\t\t<\/div><\/figure><figure class='gallery-item'>\n\t\t\t<div class='gallery-icon portrait'>\n\t\t\t\t<a href='https:\/\/winnepola.pl\/en\/1180-2\/fss-7\/'><img decoding=\"async\" width=\"250\" height=\"200\" src=\"https:\/\/winnepola.pl\/wp-content\/uploads\/2019\/04\/FSS-7-250x200.jpg\" class=\"attachment-thumbnail size-thumbnail\" alt=\"\" \/><\/a>\n\t\t\t<\/div><\/figure><figure class='gallery-item'>\n\t\t\t<div class='gallery-icon portrait'>\n\t\t\t\t<a href='https:\/\/winnepola.pl\/en\/1180-2\/fss-2\/'><img decoding=\"async\" width=\"250\" height=\"200\" src=\"https:\/\/winnepola.pl\/wp-content\/uploads\/2019\/04\/FSS-2-250x200.jpg\" class=\"attachment-thumbnail size-thumbnail\" alt=\"\" \/><\/a>\n\t\t\t<\/div><\/figure>\n\t\t<\/div>","protected":false},"excerpt":{"rendered":"<p>W tym roku firma Winne Pola &#8211; dostawca win do najlepszych restauracji ponownie by\u0142a partnerem wydarzenia Food Service Summit odby\u0142 si\u0119 w unikatowej przestrzeni kompleksu kulturalno-biznesowego Ma\u0142a Warszawa zlokalizowanego na warszawskiej Pradze. W wydarzeniu po\u0142\u0105czonym z California Wines Master Classes wzi\u0119\u0142o udzia\u0142 ponad 350 uczestnik\u00f3w: restaurator\u00f3w, mened\u017cer\u00f3w, sommelier\u00f3w oraz przedstawicieli firm i medi\u00f3w profesjonalnie zwi\u0105zanych [&hellip;]<\/p>\n","protected":false},"author":3,"featured_media":1210,"comment_status":"closed","ping_status":"closed","sticky":false,"template":"","format":"standard","meta":{"footnotes":""},"categories":[7],"tags":[],"class_list":["post-1180","post","type-post","status-publish","format-standard","has-post-thumbnail","hentry","category-eventy","entry","has-media"],"_links":{"self":[{"href":"https:\/\/winnepola.pl\/en\/wp-json\/wp\/v2\/posts\/1180","targetHints":{"allow":["GET"]}}],"collection":[{"href":"https:\/\/winnepola.pl\/en\/wp-json\/wp\/v2\/posts"}],"about":[{"href":"https:\/\/winnepola.pl\/en\/wp-json\/wp\/v2\/types\/post"}],"author":[{"embeddable":true,"href":"https:\/\/winnepola.pl\/en\/wp-json\/wp\/v2\/users\/3"}],"replies":[{"embeddable":true,"href":"https:\/\/winnepola.pl\/en\/wp-json\/wp\/v2\/comments?post=1180"}],"version-history":[{"count":0,"href":"https:\/\/winnepola.pl\/en\/wp-json\/wp\/v2\/posts\/1180\/revisions"}],"wp:featuredmedia":[{"embeddable":true,"href":"https:\/\/winnepola.pl\/en\/wp-json\/wp\/v2\/media\/1210"}],"wp:attachment":[{"href":"https:\/\/winnepola.pl\/en\/wp-json\/wp\/v2\/media?parent=1180"}],"wp:term":[{"taxonomy":"category","embeddable":true,"href":"https:\/\/winnepola.pl\/en\/wp-json\/wp\/v2\/categories?post=1180"},{"taxonomy":"post_tag","embeddable":true,"href":"https:\/\/winnepola.pl\/en\/wp-json\/wp\/v2\/tags?post=1180"}],"curies":[{"name":"wp","href":"https:\/\/api.w.org\/{rel}","templated":true}]}}